{"id":90,"date":"2020-03-15T22:49:00","date_gmt":"2020-03-15T21:49:00","guid":{"rendered":"http:\/\/npyikcn.cluster031.hosting.ovh.net\/?p=90"},"modified":"2022-06-15T11:28:26","modified_gmt":"2022-06-15T09:28:26","slug":"saison-suspendue-pour-cause-de-covid-19","status":"publish","type":"post","link":"https:\/\/lsef.fr\/index.php\/2020\/03\/15\/saison-suspendue-pour-cause-de-covid-19\/","title":{"rendered":"Saison suspendue pour cause de Covid 19"},"content":{"rendered":"\n<p>Suite aux r\u00e9centes annonces officielles, et en accord avec la F\u00e9d\u00e9ration Fran\u00e7aise de Darts, nous avons d\u00e9cid\u00e9 de suspendre la saison sportive afin de faire face aux risques sanitaires du COVID-19. Tous les tournois pr\u00e9vus jusqu&rsquo;au 15 avril 2020, sous l&rsquo;\u00e9gide de la Ligue Sud-Est de Fl\u00e9chettes sont donc annul\u00e9s pour prot\u00e9ger les joueurs, leurs proches, ainsi que toute la population.<\/p>\n\n\n\n<p>Nous vous informerons pour la suite de la saison d\u00e8s que possible.<\/p>\n\n\n\n<p>Par ailleurs, nous vous signalons que la Coupe de France 2020 pr\u00e9vue \u00e0 Plum\u00e9liau les 11 et 12 avril est \u00e9galement annul\u00e9e.<br>\u200b<br>Sportivement,<br>Le Bureau de la LSEF<\/p>\n","protected":false},"excerpt":{"rendered":"<p>Suite aux r\u00e9centes annonces officielles, et en accord avec la F\u00e9d\u00e9ration Fran\u00e7aise de Darts, nous avons d\u00e9cid\u00e9 de suspendre la saison sportive afin de faire face aux risques sanitaires du COVID-19. Tous les tournois pr\u00e9vus jusqu&rsquo;au 15 avril 2020, sous l&rsquo;\u00e9gide de la Ligue Sud-Est de Fl\u00e9chettes sont donc annul\u00e9s pour prot\u00e9ger les joueurs, leurs [&hellip;]<\/p>\n","protected":false},"author":1,"featured_media":294,"comment_status":"open","ping_status":"open","sticky":false,"template":"","format":"standard","meta":{"sfsi_plus_gutenberg_text_before_share":"","sfsi_plus_gutenberg_show_text_before_share":"","sfsi_plus_gutenberg_icon_type":"","sfsi_plus_gutenberg_icon_alignemt":"","sfsi_plus_gutenburg_max_per_row":"","footnotes":""},"categories":[62],"tags":[],"class_list":["post-90","post","type-post","status-publish","format-standard","has-post-thumbnail","hentry","category-infos-lsef"],"yoast_head":"<!-- This site is optimized with the Yoast SEO plugin v24.2 - https:\/\/yoast.com\/wordpress\/plugins\/seo\/ -->\n<title>Saison suspendue pour cause de Covid 19 - Ligue sud est de fl\u00e9chettes<\/title>\n<meta name=\"robots\" content=\"index, follow, max-snippet:-1, max-image-preview:large, max-video-preview:-1\" \/>\n<link rel=\"canonical\" href=\"https:\/\/lsef.fr\/index.php\/2020\/03\/15\/saison-suspendue-pour-cause-de-covid-19\/\" \/>\n<meta property=\"og:locale\" content=\"fr_FR\" \/>\n<meta property=\"og:type\" content=\"article\" \/>\n<meta property=\"og:title\" content=\"Saison suspendue pour cause de Covid 19 - Ligue sud est de fl\u00e9chettes\" \/>\n<meta property=\"og:description\" content=\"Suite aux r\u00e9centes annonces officielles, et en accord avec la F\u00e9d\u00e9ration Fran\u00e7aise de Darts, nous avons d\u00e9cid\u00e9 de suspendre la saison sportive afin de faire face aux risques sanitaires du COVID-19. Tous les tournois pr\u00e9vus jusqu&rsquo;au 15 avril 2020, sous l&rsquo;\u00e9gide de la Ligue Sud-Est de Fl\u00e9chettes sont donc annul\u00e9s pour prot\u00e9ger les joueurs, leurs [&hellip;]\" \/>\n<meta property=\"og:url\" content=\"https:\/\/lsef.fr\/index.php\/2020\/03\/15\/saison-suspendue-pour-cause-de-covid-19\/\" \/>\n<meta property=\"og:site_name\" content=\"Ligue sud est de fl\u00e9chettes\" \/>\n<meta property=\"article:publisher\" content=\"https:\/\/www.facebook.com\/liguesudestdeflechettes\" \/>\n<meta property=\"article:published_time\" content=\"2020-03-15T21:49:00+00:00\" \/>\n<meta property=\"article:modified_time\" content=\"2022-06-15T09:28:26+00:00\" \/>\n<meta property=\"og:image\" content=\"https:\/\/lsef.fr\/wp-content\/uploads\/2020\/03\/zrgzegzgzgz.png\" \/>\n\t<meta property=\"og:image:width\" content=\"423\" \/>\n\t<meta property=\"og:image:height\" content=\"445\" \/>\n\t<meta property=\"og:image:type\" content=\"image\/png\" \/>\n<meta name=\"author\" content=\"Mathieu\" \/>\n<meta name=\"twitter:card\" content=\"summary_large_image\" \/>\n<meta name=\"twitter:creator\" content=\"@FFD_Darts\" \/>\n<meta name=\"twitter:site\" content=\"@FFD_Darts\" \/>\n<meta name=\"twitter:label1\" content=\"\u00c9crit par\" \/>\n\t<meta name=\"twitter:data1\" content=\"Mathieu\" \/>\n\t<meta name=\"twitter:label2\" content=\"Dur\u00e9e de lecture estim\u00e9e\" \/>\n\t<meta name=\"twitter:data2\" content=\"1 minute\" \/>\n<script type=\"application\/ld+json\" class=\"yoast-schema-graph\">{\"@context\":\"https:\/\/schema.org\",\"@graph\":[{\"@type\":\"Article\",\"@id\":\"https:\/\/lsef.fr\/index.php\/2020\/03\/15\/saison-suspendue-pour-cause-de-covid-19\/#article\",\"isPartOf\":{\"@id\":\"https:\/\/lsef.fr\/index.php\/2020\/03\/15\/saison-suspendue-pour-cause-de-covid-19\/\"},\"author\":{\"name\":\"Mathieu\",\"@id\":\"https:\/\/lsef.fr\/#\/schema\/person\/9a1add7232a680197a138278b8ef7427\"},\"headline\":\"Saison suspendue pour cause de Covid 19\",\"datePublished\":\"2020-03-15T21:49:00+00:00\",\"dateModified\":\"2022-06-15T09:28:26+00:00\",\"mainEntityOfPage\":{\"@id\":\"https:\/\/lsef.fr\/index.php\/2020\/03\/15\/saison-suspendue-pour-cause-de-covid-19\/\"},\"wordCount\":115,\"commentCount\":0,\"publisher\":{\"@id\":\"https:\/\/lsef.fr\/#organization\"},\"image\":{\"@id\":\"https:\/\/lsef.fr\/index.php\/2020\/03\/15\/saison-suspendue-pour-cause-de-covid-19\/#primaryimage\"},\"thumbnailUrl\":\"https:\/\/lsef.fr\/wp-content\/uploads\/2020\/03\/zrgzegzgzgz.png\",\"articleSection\":[\"Infos LSEF\"],\"inLanguage\":\"fr-FR\",\"potentialAction\":[{\"@type\":\"CommentAction\",\"name\":\"Comment\",\"target\":[\"https:\/\/lsef.fr\/index.php\/2020\/03\/15\/saison-suspendue-pour-cause-de-covid-19\/#respond\"]}]},{\"@type\":\"WebPage\",\"@id\":\"https:\/\/lsef.fr\/index.php\/2020\/03\/15\/saison-suspendue-pour-cause-de-covid-19\/\",\"url\":\"https:\/\/lsef.fr\/index.php\/2020\/03\/15\/saison-suspendue-pour-cause-de-covid-19\/\",\"name\":\"Saison suspendue pour cause de Covid 19 - Ligue sud est de fl\u00e9chettes\",\"isPartOf\":{\"@id\":\"https:\/\/lsef.fr\/#website\"},\"primaryImageOfPage\":{\"@id\":\"https:\/\/lsef.fr\/index.php\/2020\/03\/15\/saison-suspendue-pour-cause-de-covid-19\/#primaryimage\"},\"image\":{\"@id\":\"https:\/\/lsef.fr\/index.php\/2020\/03\/15\/saison-suspendue-pour-cause-de-covid-19\/#primaryimage\"},\"thumbnailUrl\":\"https:\/\/lsef.fr\/wp-content\/uploads\/2020\/03\/zrgzegzgzgz.png\",\"datePublished\":\"2020-03-15T21:49:00+00:00\",\"dateModified\":\"2022-06-15T09:28:26+00:00\",\"breadcrumb\":{\"@id\":\"https:\/\/lsef.fr\/index.php\/2020\/03\/15\/saison-suspendue-pour-cause-de-covid-19\/#breadcrumb\"},\"inLanguage\":\"fr-FR\",\"potentialAction\":[{\"@type\":\"ReadAction\",\"target\":[\"https:\/\/lsef.fr\/index.php\/2020\/03\/15\/saison-suspendue-pour-cause-de-covid-19\/\"]}]},{\"@type\":\"ImageObject\",\"inLanguage\":\"fr-FR\",\"@id\":\"https:\/\/lsef.fr\/index.php\/2020\/03\/15\/saison-suspendue-pour-cause-de-covid-19\/#primaryimage\",\"url\":\"https:\/\/lsef.fr\/wp-content\/uploads\/2020\/03\/zrgzegzgzgz.png\",\"contentUrl\":\"https:\/\/lsef.fr\/wp-content\/uploads\/2020\/03\/zrgzegzgzgz.png\",\"width\":423,\"height\":445},{\"@type\":\"BreadcrumbList\",\"@id\":\"https:\/\/lsef.fr\/index.php\/2020\/03\/15\/saison-suspendue-pour-cause-de-covid-19\/#breadcrumb\",\"itemListElement\":[{\"@type\":\"ListItem\",\"position\":1,\"name\":\"Accueil\",\"item\":\"https:\/\/lsef.fr\/\"},{\"@type\":\"ListItem\",\"position\":2,\"name\":\"Saison suspendue pour cause de Covid 19\"}]},{\"@type\":\"WebSite\",\"@id\":\"https:\/\/lsef.fr\/#website\",\"url\":\"https:\/\/lsef.fr\/\",\"name\":\"Ligue sud est de fl\u00e9chettes\",\"description\":\"\",\"publisher\":{\"@id\":\"https:\/\/lsef.fr\/#organization\"},\"potentialAction\":[{\"@type\":\"SearchAction\",\"target\":{\"@type\":\"EntryPoint\",\"urlTemplate\":\"https:\/\/lsef.fr\/?s={search_term_string}\"},\"query-input\":{\"@type\":\"PropertyValueSpecification\",\"valueRequired\":true,\"valueName\":\"search_term_string\"}}],\"inLanguage\":\"fr-FR\"},{\"@type\":\"Organization\",\"@id\":\"https:\/\/lsef.fr\/#organization\",\"name\":\"Ligue sud est de fl\u00e9chettes\",\"url\":\"https:\/\/lsef.fr\/\",\"logo\":{\"@type\":\"ImageObject\",\"inLanguage\":\"fr-FR\",\"@id\":\"https:\/\/lsef.fr\/#\/schema\/logo\/image\/\",\"url\":\"https:\/\/lsef.fr\/wp-content\/uploads\/2022\/06\/Lsef.png\",\"contentUrl\":\"https:\/\/lsef.fr\/wp-content\/uploads\/2022\/06\/Lsef.png\",\"width\":1190,\"height\":1389,\"caption\":\"Ligue sud est de fl\u00e9chettes\"},\"image\":{\"@id\":\"https:\/\/lsef.fr\/#\/schema\/logo\/image\/\"},\"sameAs\":[\"https:\/\/www.facebook.com\/liguesudestdeflechettes\",\"https:\/\/x.com\/FFD_Darts\",\"https:\/\/www.youtube.com\/channel\/UChNXFlsI4rJPP1CsjhupQZg\/videos\"]},{\"@type\":\"Person\",\"@id\":\"https:\/\/lsef.fr\/#\/schema\/person\/9a1add7232a680197a138278b8ef7427\",\"name\":\"Mathieu\",\"image\":{\"@type\":\"ImageObject\",\"inLanguage\":\"fr-FR\",\"@id\":\"https:\/\/lsef.fr\/#\/schema\/person\/image\/\",\"url\":\"https:\/\/secure.gravatar.com\/avatar\/91f60f66de721a9581147a077662f5d99af06548573a92417b48729970b6ad7b?s=96&d=mm&r=g\",\"contentUrl\":\"https:\/\/secure.gravatar.com\/avatar\/91f60f66de721a9581147a077662f5d99af06548573a92417b48729970b6ad7b?s=96&d=mm&r=g\",\"caption\":\"Mathieu\"},\"sameAs\":[\"http:\/\/npyikcn.cluster031.hosting.ovh.net\"],\"url\":\"https:\/\/lsef.fr\/index.php\/author\/admin3620\/\"}]}<\/script>\n<!-- \/ Yoast SEO plugin. -->","yoast_head_json":{"title":"Saison suspendue pour cause de Covid 19 - Ligue sud est de fl\u00e9chettes","robots":{"index":"index","follow":"follow","max-snippet":"max-snippet:-1","max-image-preview":"max-image-preview:large","max-video-preview":"max-video-preview:-1"},"canonical":"https:\/\/lsef.fr\/index.php\/2020\/03\/15\/saison-suspendue-pour-cause-de-covid-19\/","og_locale":"fr_FR","og_type":"article","og_title":"Saison suspendue pour cause de Covid 19 - Ligue sud est de fl\u00e9chettes","og_description":"Suite aux r\u00e9centes annonces officielles, et en accord avec la F\u00e9d\u00e9ration Fran\u00e7aise de Darts, nous avons d\u00e9cid\u00e9 de suspendre la saison sportive afin de faire face aux risques sanitaires du COVID-19. Tous les tournois pr\u00e9vus jusqu&rsquo;au 15 avril 2020, sous l&rsquo;\u00e9gide de la Ligue Sud-Est de Fl\u00e9chettes sont donc annul\u00e9s pour prot\u00e9ger les joueurs, leurs [&hellip;]","og_url":"https:\/\/lsef.fr\/index.php\/2020\/03\/15\/saison-suspendue-pour-cause-de-covid-19\/","og_site_name":"Ligue sud est de fl\u00e9chettes","article_publisher":"https:\/\/www.facebook.com\/liguesudestdeflechettes","article_published_time":"2020-03-15T21:49:00+00:00","article_modified_time":"2022-06-15T09:28:26+00:00","og_image":[{"width":423,"height":445,"url":"https:\/\/lsef.fr\/wp-content\/uploads\/2020\/03\/zrgzegzgzgz.png","type":"image\/png"}],"author":"Mathieu","twitter_card":"summary_large_image","twitter_creator":"@FFD_Darts","twitter_site":"@FFD_Darts","twitter_misc":{"\u00c9crit par":"Mathieu","Dur\u00e9e de lecture estim\u00e9e":"1 minute"},"schema":{"@context":"https:\/\/schema.org","@graph":[{"@type":"Article","@id":"https:\/\/lsef.fr\/index.php\/2020\/03\/15\/saison-suspendue-pour-cause-de-covid-19\/#article","isPartOf":{"@id":"https:\/\/lsef.fr\/index.php\/2020\/03\/15\/saison-suspendue-pour-cause-de-covid-19\/"},"author":{"name":"Mathieu","@id":"https:\/\/lsef.fr\/#\/schema\/person\/9a1add7232a680197a138278b8ef7427"},"headline":"Saison suspendue pour cause de Covid 19","datePublished":"2020-03-15T21:49:00+00:00","dateModified":"2022-06-15T09:28:26+00:00","mainEntityOfPage":{"@id":"https:\/\/lsef.fr\/index.php\/2020\/03\/15\/saison-suspendue-pour-cause-de-covid-19\/"},"wordCount":115,"commentCount":0,"publisher":{"@id":"https:\/\/lsef.fr\/#organization"},"image":{"@id":"https:\/\/lsef.fr\/index.php\/2020\/03\/15\/saison-suspendue-pour-cause-de-covid-19\/#primaryimage"},"thumbnailUrl":"https:\/\/lsef.fr\/wp-content\/uploads\/2020\/03\/zrgzegzgzgz.png","articleSection":["Infos LSEF"],"inLanguage":"fr-FR","potentialAction":[{"@type":"CommentAction","name":"Comment","target":["https:\/\/lsef.fr\/index.php\/2020\/03\/15\/saison-suspendue-pour-cause-de-covid-19\/#respond"]}]},{"@type":"WebPage","@id":"https:\/\/lsef.fr\/index.php\/2020\/03\/15\/saison-suspendue-pour-cause-de-covid-19\/","url":"https:\/\/lsef.fr\/index.php\/2020\/03\/15\/saison-suspendue-pour-cause-de-covid-19\/","name":"Saison suspendue pour cause de Covid 19 - Ligue sud est de fl\u00e9chettes","isPartOf":{"@id":"https:\/\/lsef.fr\/#website"},"primaryImageOfPage":{"@id":"https:\/\/lsef.fr\/index.php\/2020\/03\/15\/saison-suspendue-pour-cause-de-covid-19\/#primaryimage"},"image":{"@id":"https:\/\/lsef.fr\/index.php\/2020\/03\/15\/saison-suspendue-pour-cause-de-covid-19\/#primaryimage"},"thumbnailUrl":"https:\/\/lsef.fr\/wp-content\/uploads\/2020\/03\/zrgzegzgzgz.png","datePublished":"2020-03-15T21:49:00+00:00","dateModified":"2022-06-15T09:28:26+00:00","breadcrumb":{"@id":"https:\/\/lsef.fr\/index.php\/2020\/03\/15\/saison-suspendue-pour-cause-de-covid-19\/#breadcrumb"},"inLanguage":"fr-FR","potentialAction":[{"@type":"ReadAction","target":["https:\/\/lsef.fr\/index.php\/2020\/03\/15\/saison-suspendue-pour-cause-de-covid-19\/"]}]},{"@type":"ImageObject","inLanguage":"fr-FR","@id":"https:\/\/lsef.fr\/index.php\/2020\/03\/15\/saison-suspendue-pour-cause-de-covid-19\/#primaryimage","url":"https:\/\/lsef.fr\/wp-content\/uploads\/2020\/03\/zrgzegzgzgz.png","contentUrl":"https:\/\/lsef.fr\/wp-content\/uploads\/2020\/03\/zrgzegzgzgz.png","width":423,"height":445},{"@type":"BreadcrumbList","@id":"https:\/\/lsef.fr\/index.php\/2020\/03\/15\/saison-suspendue-pour-cause-de-covid-19\/#breadcrumb","itemListElement":[{"@type":"ListItem","position":1,"name":"Accueil","item":"https:\/\/lsef.fr\/"},{"@type":"ListItem","position":2,"name":"Saison suspendue pour cause de Covid 19"}]},{"@type":"WebSite","@id":"https:\/\/lsef.fr\/#website","url":"https:\/\/lsef.fr\/","name":"Ligue sud est de fl\u00e9chettes","description":"","publisher":{"@id":"https:\/\/lsef.fr\/#organization"},"potentialAction":[{"@type":"SearchAction","target":{"@type":"EntryPoint","urlTemplate":"https:\/\/lsef.fr\/?s={search_term_string}"},"query-input":{"@type":"PropertyValueSpecification","valueRequired":true,"valueName":"search_term_string"}}],"inLanguage":"fr-FR"},{"@type":"Organization","@id":"https:\/\/lsef.fr\/#organization","name":"Ligue sud est de fl\u00e9chettes","url":"https:\/\/lsef.fr\/","logo":{"@type":"ImageObject","inLanguage":"fr-FR","@id":"https:\/\/lsef.fr\/#\/schema\/logo\/image\/","url":"https:\/\/lsef.fr\/wp-content\/uploads\/2022\/06\/Lsef.png","contentUrl":"https:\/\/lsef.fr\/wp-content\/uploads\/2022\/06\/Lsef.png","width":1190,"height":1389,"caption":"Ligue sud est de fl\u00e9chettes"},"image":{"@id":"https:\/\/lsef.fr\/#\/schema\/logo\/image\/"},"sameAs":["https:\/\/www.facebook.com\/liguesudestdeflechettes","https:\/\/x.com\/FFD_Darts","https:\/\/www.youtube.com\/channel\/UChNXFlsI4rJPP1CsjhupQZg\/videos"]},{"@type":"Person","@id":"https:\/\/lsef.fr\/#\/schema\/person\/9a1add7232a680197a138278b8ef7427","name":"Mathieu","image":{"@type":"ImageObject","inLanguage":"fr-FR","@id":"https:\/\/lsef.fr\/#\/schema\/person\/image\/","url":"https:\/\/secure.gravatar.com\/avatar\/91f60f66de721a9581147a077662f5d99af06548573a92417b48729970b6ad7b?s=96&d=mm&r=g","contentUrl":"https:\/\/secure.gravatar.com\/avatar\/91f60f66de721a9581147a077662f5d99af06548573a92417b48729970b6ad7b?s=96&d=mm&r=g","caption":"Mathieu"},"sameAs":["http:\/\/npyikcn.cluster031.hosting.ovh.net"],"url":"https:\/\/lsef.fr\/index.php\/author\/admin3620\/"}]}},"_links":{"self":[{"href":"https:\/\/lsef.fr\/index.php\/wp-json\/wp\/v2\/posts\/90","targetHints":{"allow":["GET"]}}],"collection":[{"href":"https:\/\/lsef.fr\/index.php\/wp-json\/wp\/v2\/posts"}],"about":[{"href":"https:\/\/lsef.fr\/index.php\/wp-json\/wp\/v2\/types\/post"}],"author":[{"embeddable":true,"href":"https:\/\/lsef.fr\/index.php\/wp-json\/wp\/v2\/users\/1"}],"replies":[{"embeddable":true,"href":"https:\/\/lsef.fr\/index.php\/wp-json\/wp\/v2\/comments?post=90"}],"version-history":[{"count":1,"href":"https:\/\/lsef.fr\/index.php\/wp-json\/wp\/v2\/posts\/90\/revisions"}],"predecessor-version":[{"id":92,"href":"https:\/\/lsef.fr\/index.php\/wp-json\/wp\/v2\/posts\/90\/revisions\/92"}],"wp:featuredmedia":[{"embeddable":true,"href":"https:\/\/lsef.fr\/index.php\/wp-json\/wp\/v2\/media\/294"}],"wp:attachment":[{"href":"https:\/\/lsef.fr\/index.php\/wp-json\/wp\/v2\/media?parent=90"}],"wp:term":[{"taxonomy":"category","embeddable":true,"href":"https:\/\/lsef.fr\/index.php\/wp-json\/wp\/v2\/categories?post=90"},{"taxonomy":"post_tag","embeddable":true,"href":"https:\/\/lsef.fr\/index.php\/wp-json\/wp\/v2\/tags?post=90"}],"curies":[{"name":"wp","href":"https:\/\/api.w.org\/{rel}","templated":true}]}}